{"id":50330,"date":"2025-06-23T16:49:01","date_gmt":"2025-06-23T14:49:01","guid":{"rendered":"https:\/\/www.sundaybrush.com\/sin-categorizar\/sunday-brush-nominada-a-los-european-natural-beauty-awards-2025\/"},"modified":"2025-06-23T16:49:02","modified_gmt":"2025-06-23T14:49:02","slug":"sunday-brush-nominada-a-los-european-natural-beauty-awards-2025","status":"publish","type":"post","link":"https:\/\/www.sundaybrush.com\/es\/protector-solar-mineral-en-polvo\/sunday-brush-nominada-a-los-european-natural-beauty-awards-2025\/","title":{"rendered":"Sunday Brush nominada a los European Natural Beauty Awards 2025"},"content":{"rendered":"<section class=\"l-section wpb_row height_medium\"><div class=\"l-section-h i-cf\"><div class=\"g-cols vc_row type_default valign_top\"><div class=\"vc_col-sm-12 wpb_column vc_column_container\"><div class=\"vc_column-inner\"><div class=\"wpb_wrapper\"><div class=\"wpb_text_column\" ><div class=\"wpb_wrapper\"><p><strong>Sunday Brush nominada a los European Natural Beauty Awards 2025<\/strong><\/p>\n<p><em>Marca neerlandesa l\u00edder en protecci\u00f3n solar natural seleccionada para un prestigioso premio europeo del sector<\/em><\/p>\n<p>Pa\u00edses Bajos, 21 de junio de 2025 \u2013 <strong>Sunday Brush<\/strong> se enorgullece en anunciar que ha sido n<strong>ominada a los prestigiosos European Natural Beauty Awards 2025<\/strong>. El comit\u00e9 de selecci\u00f3n, que eval\u00faa cada a\u00f1o a cientos de marcas, ha elegido a Sunday Brush seg\u00fan estrictos criterios de formulaci\u00f3n, innovaci\u00f3n y calidad del producto.<br \/>Fundada en 2018, Sunday Brush se ha consolidado como una de las marcas l\u00edderes en protecci\u00f3n solar natural en Europa. Su f\u00f3rmula 100 % mineral con FPS 50 ofrece una protecci\u00f3n eficaz sin ingredientes nocivos y cuenta con la recomendaci\u00f3n de dermat\u00f3logos. Gracias a su formato \u00fanico \u2013 un pr\u00e1ctico polvo solar con brocha dosificadora integrada \u2013 Sunday Brush es especialmente popular entre quienes buscan una alternativa natural y respetuosa con la piel frente a los protectores solares tradicionales. El producto es ideal para pieles sensibles.<\/p>\n<blockquote>\n<p><em><strong>\u201cEsta nominaci\u00f3n es un gran honor\u201d<\/strong>, afirma Nicole Vermeer,<\/em><br \/>\n<em>fundadora de Sunday Brush. <strong>\u201cDesde nuestro lanzamiento en 2018, hemos crecido hasta convertirnos en una marca consolidada en el \u00e1mbito de la protecci\u00f3n solar natural.<\/strong><\/em><br \/>\n<strong><em>Mi objetivo siempre fue ofrecer una soluci\u00f3n 100 % natural, segura y f\u00e1cil de usar, que las personas quisieran aplicar a diario. Ser seleccionados ahora, a\u00f1os despu\u00e9s, cumpliendo con los estrictos criterios de los European Natural Beauty Awards, representa un valioso reconocimiento a todo lo que hemos construido.\u201d<\/em><\/strong><\/p>\n<\/blockquote>\n<p>Los European Natural Beauty Awards premian cada a\u00f1o a las marcas m\u00e1s innovadoras del sector de la cosm\u00e9tica natural \u2013 aquellas que destacan por su calidad, transparencia y formulaciones naturales. Los ganadores se anunciar\u00e1n m\u00e1s adelante este a\u00f1o durante una ceremonia especial que tendr\u00e1 lugar en la Semana de la Moda de Par\u00eds.<\/p>\n<p><strong>Sobre Sunday Brush<\/strong><\/p>\n<p>Sunday Brush es la marca neerlandesa de protecci\u00f3n solar natural en formato polvo. Combina ingredientes de alta calidad y amigables con la piel con una aplicaci\u00f3n inteligente: un polvo solar mineral ligero con alta protecci\u00f3n, f\u00e1cil de aplicar gracias a su brocha integrada.<br \/>El polvo solar est\u00e1 disponible en cuatro tonos naturales de piel, adapt\u00e1ndose perfectamente a cualquier tono de cutis. Tiene un efecto matificante y unificador, ideal para cubrir imperfecciones. Apto para el uso diario, para todo tipo de pieles y tambi\u00e9n perfecto sobre el maquillaje. Sunday Brush es recomendada por profesionales del cuidado de la piel y valorada por usuarios en toda Europa.<\/p>\n<p>\u00bfQuieres saber m\u00e1s sobre el polvo solar de Sunday Brush o conocer la historia detr\u00e1s de la marca?<br \/>No dudes en ponerte en contacto con nosotros.<\/p>\n<\/div><\/div><\/div><\/div><\/div><\/div><\/div><\/section>\n","protected":false},"excerpt":{"rendered":"Sunday Brush nominada a los European Natural Beauty Awards 2025 Marca neerlandesa l\u00edder en protecci\u00f3n solar natural seleccionada para un prestigioso premio europeo del sector Pa\u00edses Bajos, 21 de junio de 2025 \u2013 Sunday Brush se enorgullece en anunciar que ha sido nominada a los prestigiosos European Natural Beauty Awards 2025. El comit\u00e9 de selecci\u00f3n,...","protected":false},"author":11,"featured_media":51855,"comment_status":"closed","ping_status":"closed","sticky":false,"template":"","format":"standard","meta":{"_acf_changed":false,"footnotes":""},"categories":[424],"tags":[],"class_list":["post-50330","post","type-post","status-publish","format-standard","has-post-thumbnail","hentry","category-protector-solar-mineral-en-polvo"],"acf":[],"yoast_head":"<!-- This site is optimized with the Yoast SEO Premium plugin v27.3 (Yoast SEO v27.4) - https:\/\/yoast.com\/product\/yoast-seo-premium-wordpress\/ -->\n<title>Sunday Brush: Nominada a los European Natural Beauty Awards<\/title>\n<meta name=\"description\" content=\"Sunday Brush nominada a los European Natural Beauty Awards 2025. Descubre la innovadora protecci\u00f3n solar natural.\" \/>\n<meta name=\"robots\" content=\"index, follow, max-snippet:-1, max-image-preview:large, max-video-preview:-1\" \/>\n<link rel=\"canonical\" href=\"https:\/\/www.sundaybrush.com\/es\/protector-solar-mineral-en-polvo\/sunday-brush-nominada-a-los-european-natural-beauty-awards-2025\/\" \/>\n<meta property=\"og:locale\" content=\"es_ES\" \/>\n<meta property=\"og:type\" content=\"article\" \/>\n<meta property=\"og:title\" content=\"Sunday Brush nominada a los European Natural Beauty Awards 2025\" \/>\n<meta property=\"og:description\" content=\"Sunday Brush nominada a los European Natural Beauty Awards 2025. Descubre la innovadora protecci\u00f3n solar natural.\" \/>\n<meta property=\"og:url\" content=\"https:\/\/www.sundaybrush.com\/es\/protector-solar-mineral-en-polvo\/sunday-brush-nominada-a-los-european-natural-beauty-awards-2025\/\" \/>\n<meta property=\"og:site_name\" content=\"Sunday Brush\" \/>\n<meta property=\"article:published_time\" content=\"2025-06-23T14:49:01+00:00\" \/>\n<meta property=\"article:modified_time\" content=\"2025-06-23T14:49:02+00:00\" \/>\n<meta property=\"og:image\" content=\"https:\/\/www.sundaybrush.com\/wp-content\/uploads\/2025\/06\/Persbericht-Sunday-Brush-European-Natural-Beauty-Award.png\" \/>\n\t<meta property=\"og:image:width\" content=\"600\" \/>\n\t<meta property=\"og:image:height\" content=\"400\" \/>\n\t<meta property=\"og:image:type\" content=\"image\/png\" \/>\n<meta name=\"author\" content=\"Sunday Brush\" \/>\n<meta name=\"twitter:card\" content=\"summary_large_image\" \/>\n<meta name=\"twitter:label1\" content=\"Escrito por\" \/>\n\t<meta name=\"twitter:data1\" content=\"Sunday Brush\" \/>\n\t<meta name=\"twitter:label2\" content=\"Tiempo de lectura\" \/>\n\t<meta name=\"twitter:data2\" content=\"2 minutos\" \/>\n<script type=\"application\/ld+json\" class=\"yoast-schema-graph\">{\"@context\":\"https:\\\/\\\/schema.org\",\"@graph\":[{\"@type\":\"Article\",\"@id\":\"https:\\\/\\\/www.sundaybrush.com\\\/es\\\/protector-solar-mineral-en-polvo\\\/sunday-brush-nominada-a-los-european-natural-beauty-awards-2025\\\/#article\",\"isPartOf\":{\"@id\":\"https:\\\/\\\/www.sundaybrush.com\\\/es\\\/protector-solar-mineral-en-polvo\\\/sunday-brush-nominada-a-los-european-natural-beauty-awards-2025\\\/\"},\"author\":{\"name\":\"Sunday Brush\",\"@id\":\"https:\\\/\\\/www.sundaybrush.com\\\/es\\\/#\\\/schema\\\/person\\\/9e9d220da7d2b309841eb2d332ea5852\"},\"headline\":\"Sunday Brush nominada a los European Natural Beauty Awards 2025\",\"datePublished\":\"2025-06-23T14:49:01+00:00\",\"dateModified\":\"2025-06-23T14:49:02+00:00\",\"mainEntityOfPage\":{\"@id\":\"https:\\\/\\\/www.sundaybrush.com\\\/es\\\/protector-solar-mineral-en-polvo\\\/sunday-brush-nominada-a-los-european-natural-beauty-awards-2025\\\/\"},\"wordCount\":478,\"publisher\":{\"@id\":\"https:\\\/\\\/www.sundaybrush.com\\\/es\\\/#organization\"},\"image\":{\"@id\":\"https:\\\/\\\/www.sundaybrush.com\\\/es\\\/protector-solar-mineral-en-polvo\\\/sunday-brush-nominada-a-los-european-natural-beauty-awards-2025\\\/#primaryimage\"},\"thumbnailUrl\":\"https:\\\/\\\/www.sundaybrush.com\\\/wp-content\\\/uploads\\\/2025\\\/06\\\/Sunday-Brush-European-Natural-Beauty-Award.jpg\",\"articleSection\":[\"Protector solar mineral en polvo\"],\"inLanguage\":\"es\"},{\"@type\":\"WebPage\",\"@id\":\"https:\\\/\\\/www.sundaybrush.com\\\/es\\\/protector-solar-mineral-en-polvo\\\/sunday-brush-nominada-a-los-european-natural-beauty-awards-2025\\\/\",\"url\":\"https:\\\/\\\/www.sundaybrush.com\\\/es\\\/protector-solar-mineral-en-polvo\\\/sunday-brush-nominada-a-los-european-natural-beauty-awards-2025\\\/\",\"name\":\"Sunday Brush: Nominada a los European Natural Beauty Awards\",\"isPartOf\":{\"@id\":\"https:\\\/\\\/www.sundaybrush.com\\\/es\\\/#website\"},\"primaryImageOfPage\":{\"@id\":\"https:\\\/\\\/www.sundaybrush.com\\\/es\\\/protector-solar-mineral-en-polvo\\\/sunday-brush-nominada-a-los-european-natural-beauty-awards-2025\\\/#primaryimage\"},\"image\":{\"@id\":\"https:\\\/\\\/www.sundaybrush.com\\\/es\\\/protector-solar-mineral-en-polvo\\\/sunday-brush-nominada-a-los-european-natural-beauty-awards-2025\\\/#primaryimage\"},\"thumbnailUrl\":\"https:\\\/\\\/www.sundaybrush.com\\\/wp-content\\\/uploads\\\/2025\\\/06\\\/Sunday-Brush-European-Natural-Beauty-Award.jpg\",\"datePublished\":\"2025-06-23T14:49:01+00:00\",\"dateModified\":\"2025-06-23T14:49:02+00:00\",\"description\":\"Sunday Brush nominada a los European Natural Beauty Awards 2025. Descubre la innovadora protecci\u00f3n solar natural.\",\"breadcrumb\":{\"@id\":\"https:\\\/\\\/www.sundaybrush.com\\\/es\\\/protector-solar-mineral-en-polvo\\\/sunday-brush-nominada-a-los-european-natural-beauty-awards-2025\\\/#breadcrumb\"},\"inLanguage\":\"es\",\"potentialAction\":[{\"@type\":\"ReadAction\",\"target\":[\"https:\\\/\\\/www.sundaybrush.com\\\/es\\\/protector-solar-mineral-en-polvo\\\/sunday-brush-nominada-a-los-european-natural-beauty-awards-2025\\\/\"]}]},{\"@type\":\"ImageObject\",\"inLanguage\":\"es\",\"@id\":\"https:\\\/\\\/www.sundaybrush.com\\\/es\\\/protector-solar-mineral-en-polvo\\\/sunday-brush-nominada-a-los-european-natural-beauty-awards-2025\\\/#primaryimage\",\"url\":\"https:\\\/\\\/www.sundaybrush.com\\\/wp-content\\\/uploads\\\/2025\\\/06\\\/Sunday-Brush-European-Natural-Beauty-Award.jpg\",\"contentUrl\":\"https:\\\/\\\/www.sundaybrush.com\\\/wp-content\\\/uploads\\\/2025\\\/06\\\/Sunday-Brush-European-Natural-Beauty-Award.jpg\",\"width\":600,\"height\":400,\"caption\":\"sunday brush - european natural beauty award\"},{\"@type\":\"BreadcrumbList\",\"@id\":\"https:\\\/\\\/www.sundaybrush.com\\\/es\\\/protector-solar-mineral-en-polvo\\\/sunday-brush-nominada-a-los-european-natural-beauty-awards-2025\\\/#breadcrumb\",\"itemListElement\":[{\"@type\":\"ListItem\",\"position\":1,\"name\":\"Home\",\"item\":\"https:\\\/\\\/www.sundaybrush.com\\\/es\\\/\"},{\"@type\":\"ListItem\",\"position\":2,\"name\":\"Sunday Brush nominada a los European Natural Beauty Awards 2025\"}]},{\"@type\":\"WebSite\",\"@id\":\"https:\\\/\\\/www.sundaybrush.com\\\/es\\\/#website\",\"url\":\"https:\\\/\\\/www.sundaybrush.com\\\/es\\\/\",\"name\":\"Sunday Brush\",\"description\":\"Jouw dagelijkse UV bescherming\",\"publisher\":{\"@id\":\"https:\\\/\\\/www.sundaybrush.com\\\/es\\\/#organization\"},\"potentialAction\":[{\"@type\":\"SearchAction\",\"target\":{\"@type\":\"EntryPoint\",\"urlTemplate\":\"https:\\\/\\\/www.sundaybrush.com\\\/es\\\/?s={search_term_string}\"},\"query-input\":{\"@type\":\"PropertyValueSpecification\",\"valueRequired\":true,\"valueName\":\"search_term_string\"}}],\"inLanguage\":\"es\"},{\"@type\":\"Organization\",\"@id\":\"https:\\\/\\\/www.sundaybrush.com\\\/es\\\/#organization\",\"name\":\"Sunday Brush\",\"alternateName\":\"Sundaybrush\",\"url\":\"https:\\\/\\\/www.sundaybrush.com\\\/es\\\/\",\"logo\":{\"@type\":\"ImageObject\",\"inLanguage\":\"es\",\"@id\":\"https:\\\/\\\/www.sundaybrush.com\\\/es\\\/#\\\/schema\\\/logo\\\/image\\\/\",\"url\":\"https:\\\/\\\/www.sundaybrush.com\\\/wp-content\\\/uploads\\\/2021\\\/02\\\/Logo-Sunday-Brush-transparant.png\",\"contentUrl\":\"https:\\\/\\\/www.sundaybrush.com\\\/wp-content\\\/uploads\\\/2021\\\/02\\\/Logo-Sunday-Brush-transparant.png\",\"width\":1709,\"height\":227,\"caption\":\"Sunday Brush\"},\"image\":{\"@id\":\"https:\\\/\\\/www.sundaybrush.com\\\/es\\\/#\\\/schema\\\/logo\\\/image\\\/\"},\"sameAs\":[\"https:\\\/\\\/www.instagram.com\\\/sundaybrush\\\/\",\"https:\\\/\\\/www.linkedin.com\\\/company\\\/sunday-brush\",\"https:\\\/\\\/www.youtube.com\\\/channel\\\/UCidSRkO6tDIgl3SU60b9coQ\"],\"description\":\"Sunday Brush is a registered trademark of Nxt Cosmetics BV.\",\"email\":\"info@sundaybrush.com\",\"telephone\":\"003185-0043121\",\"legalName\":\"Nxt Cosmetics BV\",\"numberOfEmployees\":{\"@type\":\"QuantitativeValue\",\"minValue\":\"1\",\"maxValue\":\"10\"}},{\"@type\":\"Person\",\"@id\":\"https:\\\/\\\/www.sundaybrush.com\\\/es\\\/#\\\/schema\\\/person\\\/9e9d220da7d2b309841eb2d332ea5852\",\"name\":\"Sunday Brush\",\"sameAs\":[\"https:\\\/\\\/www.sundaybrush.com\"]}]}<\/script>\n<!-- \/ Yoast SEO Premium plugin. -->","yoast_head_json":{"title":"Sunday Brush: Nominada a los European Natural Beauty Awards","description":"Sunday Brush nominada a los European Natural Beauty Awards 2025. Descubre la innovadora protecci\u00f3n solar natural.","robots":{"index":"index","follow":"follow","max-snippet":"max-snippet:-1","max-image-preview":"max-image-preview:large","max-video-preview":"max-video-preview:-1"},"canonical":"https:\/\/www.sundaybrush.com\/es\/protector-solar-mineral-en-polvo\/sunday-brush-nominada-a-los-european-natural-beauty-awards-2025\/","og_locale":"es_ES","og_type":"article","og_title":"Sunday Brush nominada a los European Natural Beauty Awards 2025","og_description":"Sunday Brush nominada a los European Natural Beauty Awards 2025. Descubre la innovadora protecci\u00f3n solar natural.","og_url":"https:\/\/www.sundaybrush.com\/es\/protector-solar-mineral-en-polvo\/sunday-brush-nominada-a-los-european-natural-beauty-awards-2025\/","og_site_name":"Sunday Brush","article_published_time":"2025-06-23T14:49:01+00:00","article_modified_time":"2025-06-23T14:49:02+00:00","og_image":[{"width":600,"height":400,"url":"https:\/\/www.sundaybrush.com\/wp-content\/uploads\/2025\/06\/Persbericht-Sunday-Brush-European-Natural-Beauty-Award.png","type":"image\/png"}],"author":"Sunday Brush","twitter_card":"summary_large_image","twitter_misc":{"Escrito por":"Sunday Brush","Tiempo de lectura":"2 minutos"},"schema":{"@context":"https:\/\/schema.org","@graph":[{"@type":"Article","@id":"https:\/\/www.sundaybrush.com\/es\/protector-solar-mineral-en-polvo\/sunday-brush-nominada-a-los-european-natural-beauty-awards-2025\/#article","isPartOf":{"@id":"https:\/\/www.sundaybrush.com\/es\/protector-solar-mineral-en-polvo\/sunday-brush-nominada-a-los-european-natural-beauty-awards-2025\/"},"author":{"name":"Sunday Brush","@id":"https:\/\/www.sundaybrush.com\/es\/#\/schema\/person\/9e9d220da7d2b309841eb2d332ea5852"},"headline":"Sunday Brush nominada a los European Natural Beauty Awards 2025","datePublished":"2025-06-23T14:49:01+00:00","dateModified":"2025-06-23T14:49:02+00:00","mainEntityOfPage":{"@id":"https:\/\/www.sundaybrush.com\/es\/protector-solar-mineral-en-polvo\/sunday-brush-nominada-a-los-european-natural-beauty-awards-2025\/"},"wordCount":478,"publisher":{"@id":"https:\/\/www.sundaybrush.com\/es\/#organization"},"image":{"@id":"https:\/\/www.sundaybrush.com\/es\/protector-solar-mineral-en-polvo\/sunday-brush-nominada-a-los-european-natural-beauty-awards-2025\/#primaryimage"},"thumbnailUrl":"https:\/\/www.sundaybrush.com\/wp-content\/uploads\/2025\/06\/Sunday-Brush-European-Natural-Beauty-Award.jpg","articleSection":["Protector solar mineral en polvo"],"inLanguage":"es"},{"@type":"WebPage","@id":"https:\/\/www.sundaybrush.com\/es\/protector-solar-mineral-en-polvo\/sunday-brush-nominada-a-los-european-natural-beauty-awards-2025\/","url":"https:\/\/www.sundaybrush.com\/es\/protector-solar-mineral-en-polvo\/sunday-brush-nominada-a-los-european-natural-beauty-awards-2025\/","name":"Sunday Brush: Nominada a los European Natural Beauty Awards","isPartOf":{"@id":"https:\/\/www.sundaybrush.com\/es\/#website"},"primaryImageOfPage":{"@id":"https:\/\/www.sundaybrush.com\/es\/protector-solar-mineral-en-polvo\/sunday-brush-nominada-a-los-european-natural-beauty-awards-2025\/#primaryimage"},"image":{"@id":"https:\/\/www.sundaybrush.com\/es\/protector-solar-mineral-en-polvo\/sunday-brush-nominada-a-los-european-natural-beauty-awards-2025\/#primaryimage"},"thumbnailUrl":"https:\/\/www.sundaybrush.com\/wp-content\/uploads\/2025\/06\/Sunday-Brush-European-Natural-Beauty-Award.jpg","datePublished":"2025-06-23T14:49:01+00:00","dateModified":"2025-06-23T14:49:02+00:00","description":"Sunday Brush nominada a los European Natural Beauty Awards 2025. Descubre la innovadora protecci\u00f3n solar natural.","breadcrumb":{"@id":"https:\/\/www.sundaybrush.com\/es\/protector-solar-mineral-en-polvo\/sunday-brush-nominada-a-los-european-natural-beauty-awards-2025\/#breadcrumb"},"inLanguage":"es","potentialAction":[{"@type":"ReadAction","target":["https:\/\/www.sundaybrush.com\/es\/protector-solar-mineral-en-polvo\/sunday-brush-nominada-a-los-european-natural-beauty-awards-2025\/"]}]},{"@type":"ImageObject","inLanguage":"es","@id":"https:\/\/www.sundaybrush.com\/es\/protector-solar-mineral-en-polvo\/sunday-brush-nominada-a-los-european-natural-beauty-awards-2025\/#primaryimage","url":"https:\/\/www.sundaybrush.com\/wp-content\/uploads\/2025\/06\/Sunday-Brush-European-Natural-Beauty-Award.jpg","contentUrl":"https:\/\/www.sundaybrush.com\/wp-content\/uploads\/2025\/06\/Sunday-Brush-European-Natural-Beauty-Award.jpg","width":600,"height":400,"caption":"sunday brush - european natural beauty award"},{"@type":"BreadcrumbList","@id":"https:\/\/www.sundaybrush.com\/es\/protector-solar-mineral-en-polvo\/sunday-brush-nominada-a-los-european-natural-beauty-awards-2025\/#breadcrumb","itemListElement":[{"@type":"ListItem","position":1,"name":"Home","item":"https:\/\/www.sundaybrush.com\/es\/"},{"@type":"ListItem","position":2,"name":"Sunday Brush nominada a los European Natural Beauty Awards 2025"}]},{"@type":"WebSite","@id":"https:\/\/www.sundaybrush.com\/es\/#website","url":"https:\/\/www.sundaybrush.com\/es\/","name":"Sunday Brush","description":"Jouw dagelijkse UV bescherming","publisher":{"@id":"https:\/\/www.sundaybrush.com\/es\/#organization"},"potentialAction":[{"@type":"SearchAction","target":{"@type":"EntryPoint","urlTemplate":"https:\/\/www.sundaybrush.com\/es\/?s={search_term_string}"},"query-input":{"@type":"PropertyValueSpecification","valueRequired":true,"valueName":"search_term_string"}}],"inLanguage":"es"},{"@type":"Organization","@id":"https:\/\/www.sundaybrush.com\/es\/#organization","name":"Sunday Brush","alternateName":"Sundaybrush","url":"https:\/\/www.sundaybrush.com\/es\/","logo":{"@type":"ImageObject","inLanguage":"es","@id":"https:\/\/www.sundaybrush.com\/es\/#\/schema\/logo\/image\/","url":"https:\/\/www.sundaybrush.com\/wp-content\/uploads\/2021\/02\/Logo-Sunday-Brush-transparant.png","contentUrl":"https:\/\/www.sundaybrush.com\/wp-content\/uploads\/2021\/02\/Logo-Sunday-Brush-transparant.png","width":1709,"height":227,"caption":"Sunday Brush"},"image":{"@id":"https:\/\/www.sundaybrush.com\/es\/#\/schema\/logo\/image\/"},"sameAs":["https:\/\/www.instagram.com\/sundaybrush\/","https:\/\/www.linkedin.com\/company\/sunday-brush","https:\/\/www.youtube.com\/channel\/UCidSRkO6tDIgl3SU60b9coQ"],"description":"Sunday Brush is a registered trademark of Nxt Cosmetics BV.","email":"info@sundaybrush.com","telephone":"003185-0043121","legalName":"Nxt Cosmetics BV","numberOfEmployees":{"@type":"QuantitativeValue","minValue":"1","maxValue":"10"}},{"@type":"Person","@id":"https:\/\/www.sundaybrush.com\/es\/#\/schema\/person\/9e9d220da7d2b309841eb2d332ea5852","name":"Sunday Brush","sameAs":["https:\/\/www.sundaybrush.com"]}]}},"_links":{"self":[{"href":"https:\/\/www.sundaybrush.com\/es\/wp-json\/wp\/v2\/posts\/50330","targetHints":{"allow":["GET"]}}],"collection":[{"href":"https:\/\/www.sundaybrush.com\/es\/wp-json\/wp\/v2\/posts"}],"about":[{"href":"https:\/\/www.sundaybrush.com\/es\/wp-json\/wp\/v2\/types\/post"}],"author":[{"embeddable":true,"href":"https:\/\/www.sundaybrush.com\/es\/wp-json\/wp\/v2\/users\/11"}],"replies":[{"embeddable":true,"href":"https:\/\/www.sundaybrush.com\/es\/wp-json\/wp\/v2\/comments?post=50330"}],"version-history":[{"count":2,"href":"https:\/\/www.sundaybrush.com\/es\/wp-json\/wp\/v2\/posts\/50330\/revisions"}],"predecessor-version":[{"id":50332,"href":"https:\/\/www.sundaybrush.com\/es\/wp-json\/wp\/v2\/posts\/50330\/revisions\/50332"}],"wp:featuredmedia":[{"embeddable":true,"href":"https:\/\/www.sundaybrush.com\/es\/wp-json\/wp\/v2\/media\/51855"}],"wp:attachment":[{"href":"https:\/\/www.sundaybrush.com\/es\/wp-json\/wp\/v2\/media?parent=50330"}],"wp:term":[{"taxonomy":"category","embeddable":true,"href":"https:\/\/www.sundaybrush.com\/es\/wp-json\/wp\/v2\/categories?post=50330"},{"taxonomy":"post_tag","embeddable":true,"href":"https:\/\/www.sundaybrush.com\/es\/wp-json\/wp\/v2\/tags?post=50330"}],"curies":[{"name":"wp","href":"https:\/\/api.w.org\/{rel}","templated":true}]}}